{"id":7220,"date":"2018-01-25T18:11:20","date_gmt":"2018-01-25T18:11:20","guid":{"rendered":"https:\/\/spanish.cpnn-world.org\/?p=7220"},"modified":"2019-10-09T11:16:50","modified_gmt":"2019-10-09T11:16:50","slug":"el-salvador-afirman-que-el-salvador-prioriza-en-escuelas-la-cultura-de-paz","status":"publish","type":"post","link":"https:\/\/spanish.cpnn-world.org\/?p=7220","title":{"rendered":"Afirman que El Salvador prioriza en escuelas la cultura de paz"},"content":{"rendered":"<div style=\"float: left; width: 46%;\">\n<p>EDUCACI\u00d3N PARA LA PAZ <\/p>\n<p>Un art\u00edculo de <a href=\"http:\/\/prensa-latina.cu\/index.php?o=rn&#038;id=146677&#038;SEO=afirman-que-el-salvador-prioriza-en-escuelas-la-cultura-de-paz\">Prensa Latina<\/a><\/p>\n<p>El Salvador prioriza en todos sus sistemas de ense\u00f1anzas la cultura de paz, afirm\u00f3 hoy [22 enero] el ministro de educaci\u00f3n, Carlos Canjura.<\/p>\n<p>De esa manera se promueve la memoria, identidad, valores y las competencias ciudadanas para que la naci\u00f3n salvadore\u00f1a siga su proceso de desarrollo sin olvidar de donde viene, subray\u00f3 el funcionario.<\/p>\n<p><center><a href=\"https:\/\/spanish.cpnn-world.org\/wp-content\/uploads\/2018\/01\/ElSalvador.jpg\"><img loading=\"lazy\" decoding=\"async\" src=\"https:\/\/spanish.cpnn-world.org\/wp-content\/uploads\/2018\/01\/ElSalvador.jpg\" alt=\"\" width=\"636\" height=\"434\" class=\"alignnone size-full wp-image-7221\" srcset=\"https:\/\/spanish.cpnn-world.org\/wp-content\/uploads\/2018\/01\/ElSalvador.jpg 636w, https:\/\/spanish.cpnn-world.org\/wp-content\/uploads\/2018\/01\/ElSalvador-300x205.jpg 300w\" sizes=\"auto, (max-width: 636px) 100vw, 636px\" \/><\/a><\/center><\/p>\n<p>(El art\u00edculo contin\u00faa en el lado derecho de la p\u00e1gina.)<\/p>\n<p>( Clickear <a href=\"http:\/\/english.cpnn-world.org\/?p=11777\">aqu\u00ed para la version ingl\u00eas<\/a>.)<\/p>\n<\/div>\n<div style=\"float: right; width: 46%;\">Questions for this article:<\/div>\n<div style=\"float: right; width: 46%;\"><\/div>\n<div style=\"float: right; width: 46%;\">\n<p align=\"justify\">\n<p><strong><a href=\"http:\/\/english.cpnn-world.org\/?p=9284\">What is the relation between peace and education?<\/a><\/p>\n<p><a href=\"http:\/\/english.cpnn-world.org\/?p=6439\">Where is peace education taking place?<\/a><\/strong><\/p>\n<p>(Art\u00edculo contin\u00faa de la parte izquierda de la p\u00e1gina)<\/p>\n<p>En un texto publicado este lunes en el sitio oficial de la presidencia de este pa\u00eds, puso como ejemplo el denominado programa Casa Abierta, que busca formar ni\u00f1os, y j\u00f3venes altamente responsables, no solo de su propio desarrollo, sino de su familia, de su comunidad, de su pa\u00eds.<\/p>\n<p>Rememor\u00f3 que por iniciativa del mandatario salvadore\u00f1o Salvador S\u00e1nchez Cer\u00e9n, en la plataforma de cultura de paz participan de manera muy activa docentes y especialistas que preparan contenidos pedag\u00f3gicos a todos los niveles de la educaci\u00f3n, desde la primera infancia.<\/p>\n<p>Canjura asegur\u00f3 que los contenidos elaborados por su entidad junto a la secretaria de cultura resultan herramientas que dotan a los estudiantes para repensarse a s\u00ed mismos y para la vivencia diaria.<\/p>\n<p>A\u00f1adi\u00f3 que continuar\u00e1 en las escuelas de manera priorizada porque su pa\u00eds vivi\u00f3 una historia dolorosa que, en muchos casos, los j\u00f3venes no conocen y que los adultos tienden a olvidar.<\/p>\n<\/div>\n","protected":false},"excerpt":{"rendered":"<p>EDUCACI\u00d3N PARA LA PAZ Un art\u00edculo de Prensa Latina El Salvador prioriza en todos sus sistemas de ense\u00f1anzas la cultura de paz, afirm\u00f3 hoy [22 enero] el ministro de educaci\u00f3n, Carlos Canjura. De esa manera se promueve la memoria, identidad, valores y las competencias ciudadanas para que la naci\u00f3n salvadore\u00f1a siga su proceso de desarrollo &hellip; <a href=\"https:\/\/spanish.cpnn-world.org\/?p=7220\" class=\"more-link\">Continue reading <span class=\"screen-reader-text\">Afirman que El Salvador prioriza en escuelas la cultura de paz<\/span> <span class=\"meta-nav\">&rarr;<\/span><\/a><\/p>\n","protected":false},"author":1,"featured_media":0,"comment_status":"open","ping_status":"closed","sticky":false,"template":"","format":"standard","meta":{"footnotes":""},"categories":[21,18],"tags":[9],"class_list":["post-7220","post","type-post","status-publish","format-standard","hentry","category-america-latina","category-educacion-para-la-paz","tag-america-latina"],"_links":{"self":[{"href":"https:\/\/spanish.cpnn-world.org\/index.php?rest_route=\/wp\/v2\/posts\/7220","targetHints":{"allow":["GET"]}}],"collection":[{"href":"https:\/\/spanish.cpnn-world.org\/index.php?rest_route=\/wp\/v2\/posts"}],"about":[{"href":"https:\/\/spanish.cpnn-world.org\/index.php?rest_route=\/wp\/v2\/types\/post"}],"author":[{"embeddable":true,"href":"https:\/\/spanish.cpnn-world.org\/index.php?rest_route=\/wp\/v2\/users\/1"}],"replies":[{"embeddable":true,"href":"https:\/\/spanish.cpnn-world.org\/index.php?rest_route=%2Fwp%2Fv2%2Fcomments&post=7220"}],"version-history":[{"count":6,"href":"https:\/\/spanish.cpnn-world.org\/index.php?rest_route=\/wp\/v2\/posts\/7220\/revisions"}],"predecessor-version":[{"id":8311,"href":"https:\/\/spanish.cpnn-world.org\/index.php?rest_route=\/wp\/v2\/posts\/7220\/revisions\/8311"}],"wp:attachment":[{"href":"https:\/\/spanish.cpnn-world.org\/index.php?rest_route=%2Fwp%2Fv2%2Fmedia&parent=7220"}],"wp:term":[{"taxonomy":"category","embeddable":true,"href":"https:\/\/spanish.cpnn-world.org\/index.php?rest_route=%2Fwp%2Fv2%2Fcategories&post=7220"},{"taxonomy":"post_tag","embeddable":true,"href":"https:\/\/spanish.cpnn-world.org\/index.php?rest_route=%2Fwp%2Fv2%2Ftags&post=7220"}],"curies":[{"name":"wp","href":"https:\/\/api.w.org\/{rel}","templated":true}]}}