{"id":7209,"date":"2018-01-17T16:53:13","date_gmt":"2018-01-17T16:53:13","guid":{"rendered":"https:\/\/spanish.cpnn-world.org\/?p=7209"},"modified":"2020-03-14T10:39:47","modified_gmt":"2020-03-14T10:39:47","slug":"brasil-londrina-tera-encontro-em-prol-da-paz-e-tolerancia-religiosa","status":"publish","type":"post","link":"https:\/\/spanish.cpnn-world.org\/?p=7209","title":{"rendered":"Brasil: Londrina ter\u00e1 encontro em prol da paz e toler\u00e2ncia religiosa"},"content":{"rendered":"<div style=\"float: left; width: 46%;\">\n<p>TOLERANCIA E SOLIDARIDAD .<\/p>\n<p>Un artigo do <a href=\"http:\/\/www.bonde.com.br\/bondenews\/londrina\/londrina-tera-encontro-em-prol-da-paz-e-tolerancia-religiosa-455638.html\">Bonde News<\/a><\/p>\n<p>A Concha Ac\u00fastica de Londrina, localizada na Pra\u00e7a 1\u00ba de maio, ser\u00e1 palco para o 2\u00ba Londrina Religi\u00f5es Unidas pela Paz em Prol da Toler\u00e2ncia Religiosa, em comemora\u00e7\u00e3o ao Dia Nacional de Combate \u00e0 Intoler\u00e2ncia Religiosa, celebrado em 21 de janeiro. O encontro ser\u00e1 no pr\u00f3ximo s\u00e1bado (20), das 8h \u00e0s 10h. Em caso de chuva, a a\u00e7\u00e3o poder\u00e1 ser transferida para a Biblioteca P\u00fablica Municipal Pedro Viriato Parigot de Souza. <\/p>\n<p><center><a href=\"https:\/\/spanish.cpnn-world.org\/wp-content\/uploads\/2018\/01\/Londrina.jpg\"><img loading=\"lazy\" decoding=\"async\" src=\"https:\/\/spanish.cpnn-world.org\/wp-content\/uploads\/2018\/01\/Londrina.jpg\" alt=\"\" width=\"553\" height=\"342\" class=\"alignnone size-full wp-image-7210\" srcset=\"https:\/\/spanish.cpnn-world.org\/wp-content\/uploads\/2018\/01\/Londrina.jpg 553w, https:\/\/spanish.cpnn-world.org\/wp-content\/uploads\/2018\/01\/Londrina-300x186.jpg 300w\" sizes=\"auto, (max-width: 553px) 100vw, 553px\" \/><\/a><br \/>\nfoto: Londrina Pazeando)<\/center><\/p>\n<p>O evento \u00e9 promovido pelo Conselho Municipal de Cultura de Paz (Compaz), Comiss\u00e3o de Promo\u00e7\u00e3o de Igualdade Racial e das Minorias da Subse\u00e7\u00e3o da OAB [Ordem dos Advogados do\u00a0Brasil,] de Londrina e Grupo de Dialogo Inter Religioso de Londrina (GDI). <\/p>\n<p>Este \u00e9 o terceiro ano consecutivo que a iniciativa \u00e9 realizada em Londrina. Segundo o secret\u00e1rio do Compaz, Charleston Luiz da Silva, o objetivo \u00e9 promover a cultura pela paz e o respeito entre as religi\u00f5es. &#8220;Queremos que as pessoas entendam que todas as religi\u00f5es est\u00e3o unidas, em prol do mesmo objetivo. Convidamos toda a comunidade londrinense para participar.&#8221;<\/p>\n<p>Cerca de vinte l\u00edderes religiosos foram convidados para o ato. No passado, participaram 17 lideran\u00e7as. Cada um ter\u00e1 de tr\u00eas a cinco minutos para falar sobre a cultura de paz na abertura, prevista para iniciar \u00e0s 8h. Ao final do evento, os presentes far\u00e3o um abra\u00e7o pela paz.<\/p>\n<p>(Clique <a href=\"http:\/\/english.cpnn-world.org\/?p=11701\">aqui para a vers\u00e3o ingl\u00eas.<\/a>)<\/p>\n<\/div>\n<div style=\"float: right; width: 46%;\">Question for discussion<\/div>\n<div style=\"float: right; width: 46%;\"><\/div>\n<div style=\"float: right; width: 46%;\">\n<p align=\"justify\">\n<p><strong><a href=\"http:\/\/english.cpnn-world.org\/?p=7658\">How can different faiths work together for understanding and harmony?<\/a><\/strong><\/p>\n<\/div>\n","protected":false},"excerpt":{"rendered":"<p>TOLERANCIA E SOLIDARIDAD . Un artigo do Bonde News A Concha Ac\u00fastica de Londrina, localizada na Pra\u00e7a 1\u00ba de maio, ser\u00e1 palco para o 2\u00ba Londrina Religi\u00f5es Unidas pela Paz em Prol da Toler\u00e2ncia Religiosa, em comemora\u00e7\u00e3o ao Dia Nacional de Combate \u00e0 Intoler\u00e2ncia Religiosa, celebrado em 21 de janeiro. O encontro ser\u00e1 no pr\u00f3ximo &hellip; <a href=\"https:\/\/spanish.cpnn-world.org\/?p=7209\" class=\"more-link\">Continue reading <span class=\"screen-reader-text\">Brasil: Londrina ter\u00e1 encontro em prol da paz e toler\u00e2ncia religiosa<\/span> <span class=\"meta-nav\">&rarr;<\/span><\/a><\/p>\n","protected":false},"author":1,"featured_media":0,"comment_status":"open","ping_status":"closed","sticky":false,"template":"","format":"standard","meta":{"footnotes":""},"categories":[21,13],"tags":[9],"class_list":["post-7209","post","type-post","status-publish","format-standard","hentry","category-america-latina","category-tolerancia-y-solidaridad","tag-america-latina"],"_links":{"self":[{"href":"https:\/\/spanish.cpnn-world.org\/index.php?rest_route=\/wp\/v2\/posts\/7209","targetHints":{"allow":["GET"]}}],"collection":[{"href":"https:\/\/spanish.cpnn-world.org\/index.php?rest_route=\/wp\/v2\/posts"}],"about":[{"href":"https:\/\/spanish.cpnn-world.org\/index.php?rest_route=\/wp\/v2\/types\/post"}],"author":[{"embeddable":true,"href":"https:\/\/spanish.cpnn-world.org\/index.php?rest_route=\/wp\/v2\/users\/1"}],"replies":[{"embeddable":true,"href":"https:\/\/spanish.cpnn-world.org\/index.php?rest_route=%2Fwp%2Fv2%2Fcomments&post=7209"}],"version-history":[{"count":4,"href":"https:\/\/spanish.cpnn-world.org\/index.php?rest_route=\/wp\/v2\/posts\/7209\/revisions"}],"predecessor-version":[{"id":8947,"href":"https:\/\/spanish.cpnn-world.org\/index.php?rest_route=\/wp\/v2\/posts\/7209\/revisions\/8947"}],"wp:attachment":[{"href":"https:\/\/spanish.cpnn-world.org\/index.php?rest_route=%2Fwp%2Fv2%2Fmedia&parent=7209"}],"wp:term":[{"taxonomy":"category","embeddable":true,"href":"https:\/\/spanish.cpnn-world.org\/index.php?rest_route=%2Fwp%2Fv2%2Fcategories&post=7209"},{"taxonomy":"post_tag","embeddable":true,"href":"https:\/\/spanish.cpnn-world.org\/index.php?rest_route=%2Fwp%2Fv2%2Ftags&post=7209"}],"curies":[{"name":"wp","href":"https:\/\/api.w.org\/{rel}","templated":true}]}}