{"id":12134,"date":"2026-04-30T09:19:30","date_gmt":"2026-04-30T07:19:30","guid":{"rendered":"https:\/\/spanish.cpnn-world.org\/?p=12134"},"modified":"2026-04-30T09:19:58","modified_gmt":"2026-04-30T07:19:58","slug":"colombia-conferencia-para-la-transicion-mas-alla-de-los-combustibles-fosiles-concluye-con-cinco-resultados-clave","status":"publish","type":"post","link":"https:\/\/spanish.cpnn-world.org\/?p=12134","title":{"rendered":"Colombia: Conferencia para la Transici\u00f3n m\u00e1s all\u00e1 de los Combustibles F\u00f3siles concluye con cinco resultados clave"},"content":{"rendered":"<div style=\"float: left; width: 46%;\">\n<p>. DESAROLLO SUSTENTABLE . <\/p>\n<p>Un art\u00edculo de <a href=\"https:\/\/www.minambiente.gov.co\/conferencia-para-la-transicion-mas-alla-de-los-combustibles-fosiles-concluye-con-cinco-resultados-clave\/\">Minambiente Colombia<\/a><\/p>\n<p>En Santa Marta, 57 pa\u00edses se reunieron junto con 13 grupos de inter\u00e9s, sumando m\u00e1s de 1.500 participantes. Las conversaciones se centraron en tres temas clave: reducir la dependencia econ\u00f3mica de los combustibles f\u00f3siles, transformar la oferta y la demanda, y avanzar en la cooperaci\u00f3n internacional.<\/p>\n<p>La principal conclusi\u00f3n de la conferencia es clara: este impulso debe mantenerse y los esfuerzos deben organizarse a mayor escala. Esta conferencia entrega cinco resultados clave que crean una plataforma pr\u00e1ctica para trabajar conjuntamente y apoyarse mutuamente para acelerar la transici\u00f3n m\u00e1s all\u00e1 de los combustibles f\u00f3siles:<\/p>\n<p><center><a href=\"https:\/\/spanish.cpnn-world.org\/wp-content\/uploads\/2026\/04\/climate.jpg\"><img loading=\"lazy\" decoding=\"async\" src=\"https:\/\/spanish.cpnn-world.org\/wp-content\/uploads\/2026\/04\/climate.jpg\" alt=\"\" width=\"900\" height=\"442\" class=\"alignnone size-full wp-image-12135\" srcset=\"https:\/\/spanish.cpnn-world.org\/wp-content\/uploads\/2026\/04\/climate.jpg 900w, https:\/\/spanish.cpnn-world.org\/wp-content\/uploads\/2026\/04\/climate-300x147.jpg 300w, https:\/\/spanish.cpnn-world.org\/wp-content\/uploads\/2026\/04\/climate-768x377.jpg 768w\" sizes=\"auto, (max-width: 900px) 100vw, 900px\" \/><\/a><\/center><\/p>\n<p>1. Se anunci\u00f3 la segunda conferencia sobre transici\u00f3n m\u00e1s all\u00e1 de los combustibles f\u00f3siles, que se llevar\u00e1 a cabo a inicios de 2027. Ser\u00e1 copresidida por Irlanda y Vanuatu.<\/p>\n<p>2. Se crear\u00e1 un grupo de coordinaci\u00f3n para garantizar la continuidad hacia la segunda y futuras conferencias, fortalecer los v\u00ednculos entre iniciativas y evitar duplicidades. Este grupo reunir\u00e1 a pa\u00edses que lideran esfuerzos clave de transici\u00f3n \u2014como el Reino Unido, Dinamarca, Brasil, Francia y las Islas Marshall\u2014 junto con los pa\u00edses coanfitriones Colombia, los Pa\u00edses Bajos, Tuvalu e Irlanda, y contar\u00e1 con la asesor\u00eda del Grupo de Activaci\u00f3n de la COP30.<\/p>\n<p>3. Los resultados ser\u00e1n compartidos con la Presidencia de la COP30 para informar su hoja de ruta. Asimismo, se alinear\u00e1n con la hoja de ruta y la Agenda de Acci\u00f3n de la COP31, y contribuir\u00e1n al segundo Balance Global.<\/p>\n<p>4. Se han establecido tres l\u00edneas de trabajo para identificar formas concretas de reducir la dependencia de los combustibles f\u00f3siles y fortalecer la cooperaci\u00f3n. Su estructura se definir\u00e1 entre la primera y la segunda conferencia. Permanecer\u00e1n abiertas y flexibles, permitiendo que los pa\u00edses se sumen o lideren, con el apoyo de iniciativas existentes y expertos del proceso de Santa Marta.<\/p>\n<p>(El art\u00edculo contin\u00faa en el lado derecho de la p\u00e1gina)<\/p>\n<p>( Clickear <a href=\"http:\/\/english.cpnn-world.org\/?p=39474\">aqu\u00ed para una version ingl\u00eas<\/a> <\/a>)<\/p>\n<\/div>\n<div style=\"float: right; width: 46%;\">Question for this article:<\/div>\n<div style=\"float: right; width: 46%;\"><\/div>\n<div style=\"float: right; width: 46%;\">\n<p align=\"justify\">\n<p><strong><em><a href=\"https:\/\/english.cpnn-world.org\/?p=8021\">Despite the vested interests of companies and governments, Can we make progress toward sustainable development?<\/a><\/p>\n<p><a href=\"https:\/\/english.cpnn-world.org\/?p=18980\">Sustainable Development Summits of States, What are the results?<\/a><\/em><\/strong><\/p>\n<p>(Art\u00edculo contin\u00faa de la parte izquierda de la p\u00e1gina)<\/p>\n<p>5. Se lanz\u00f3 el Panel Cient\u00edfico para la Transici\u00f3n Energ\u00e9tica Global (SPGET), con el fin de apoyar a los pa\u00edses en avanzar m\u00e1s all\u00e1 de los combustibles f\u00f3siles. Este panel contribuir\u00e1 al desarrollo de hojas de ruta alineadas con 1,5 \u00b0C y abordar\u00e1 barreras legales, financieras y pol\u00edticas.<\/p>\n<p><em>\u201cLogramos reunir al mundo. Decidimos no resignarnos a una econom\u00eda construida sobre la destrucci\u00f3n de la vida; decidimos que la transici\u00f3n m\u00e1s all\u00e1 de los combustibles f\u00f3siles ya no puede seguir siendo un eslogan, sino que debe convertirse en un esfuerzo concreto, pol\u00edtico y colectivo. Cuando las personas miren hacia atr\u00e1s en el futuro, no recordar\u00e1n \u00fanicamente esta conferencia. Recordar\u00e1n si estuvimos o no a la altura del desaf\u00edo de nuestro tiempo\u201d<\/em>, afirm\u00f3 la ministra de Ambiente y Desarrollo Sostenible de Colombia (e), Irene V\u00e9lez Torres.<\/p>\n<p>Por su parte, la ministra de Clima y Crecimiento Verde de los Pa\u00edses Bajos, Stientje van Veldhoven, se\u00f1al\u00f3:\u00a0<em>\u201cPuedo decir con confianza que, en los \u00faltimos d\u00edas, hemos sentado las bases para una acci\u00f3n concreta para alejarnos de los combustibles f\u00f3siles. Con una coalici\u00f3n tan amplia de pa\u00edses y representantes del sector privado, la sociedad civil y m\u00e1s all\u00e1, este es un grupo capaz de generar un impacto significativo. Los pa\u00edses convocados en Colombia representan aproximadamente el 30% de la demanda energ\u00e9tica mundial y cerca del 20% del suministro energ\u00e9tico global. Juntos, hemos comenzado a organizarnos a gran escala para enfrentar este desaf\u00edo, comprometi\u00e9ndonos tambi\u00e9n a una participaci\u00f3n sostenida a largo plazo. Esta transici\u00f3n requerir\u00e1 navegar un conjunto complejo de desaf\u00edos econ\u00f3micos, sociales y t\u00e9cnicos. El mensaje para abordar esto fue claro: pong\u00e1monos a trabajar y ayud\u00e9monos unos a otros durante todo el proceso\u201d.<\/em><\/p>\n<p>Lista final de pa\u00edses participantes: Angola, Antigua y Barbuda, Australia, Austria, Bangladesh, B\u00e9lgica, Brasil, Camer\u00fan, Canad\u00e1, Chile, Costa Rica, Dinamarca, Rep\u00fablica Dominicana, Uni\u00f3n Europea, Finlandia, Francia, Alemania, Ghana, Guatemala, Islandia, Irlanda, Italia, Jamaica, Kenia, Kiribati, Luxemburgo, Malawi, Maldivas, Islas Marshall, M\u00e9xico, Micronesia, Mongolia, Nepal, Nueva Zelanda, Nigeria, Noruega, Pakist\u00e1n, Palaos, Panam\u00e1, Portugal, San Crist\u00f3bal y Nieves, Santa Luc\u00eda, Senegal, Singapur, Eslovenia, Islas Salom\u00f3n, Espa\u00f1a, Sri Lanka, Suecia, Suiza, T\u00fcrkiye, Tuvalu, Uganda, Reino Unido de Gran Breta\u00f1a e Irlanda del Norte, Rep\u00fablica Unida de Tanzania, Uruguay, Vanuatu, Vaticano \u2013 Santa Sede.<\/p>\n<p>&#8211;  &#8211;  &#8211;  &#8211;  &#8211;  &#8211;<\/p>\n<p>Si desea hacer un comentario sobre este art\u00edculo, puede escribir a coordinator@cpnn-world.org con el t\u00edtulo &#8220;Comentar sobre (nombre del art\u00edculo)&#8221; y publicaremos su comentario. Debido a la avalancha de spam, hemos detenido la aplicaci\u00f3n directa de comentarios.<\/p>\n<\/div>\n","protected":false},"excerpt":{"rendered":"<p>. DESAROLLO SUSTENTABLE . Un art\u00edculo de Minambiente Colombia En Santa Marta, 57 pa\u00edses se reunieron junto con 13 grupos de inter\u00e9s, sumando m\u00e1s de 1.500 participantes. Las conversaciones se centraron en tres temas clave: reducir la dependencia econ\u00f3mica de los combustibles f\u00f3siles, transformar la oferta y la demanda, y avanzar en la cooperaci\u00f3n internacional. &hellip; <a href=\"https:\/\/spanish.cpnn-world.org\/?p=12134\" class=\"more-link\">Continue reading <span class=\"screen-reader-text\">Colombia: Conferencia para la Transici\u00f3n m\u00e1s all\u00e1 de los Combustibles F\u00f3siles concluye con cinco resultados clave<\/span> <span class=\"meta-nav\">&rarr;<\/span><\/a><\/p>\n","protected":false},"author":1,"featured_media":0,"comment_status":"closed","ping_status":"closed","sticky":false,"template":"","format":"standard","meta":{"footnotes":""},"categories":[21,11,6],"tags":[9,7],"class_list":["post-12134","post","type-post","status-publish","format-standard","hentry","category-america-latina","category-desarrollo-sustentable","category-mundial","tag-america-latina","tag-mundial"],"_links":{"self":[{"href":"https:\/\/spanish.cpnn-world.org\/index.php?rest_route=\/wp\/v2\/posts\/12134","targetHints":{"allow":["GET"]}}],"collection":[{"href":"https:\/\/spanish.cpnn-world.org\/index.php?rest_route=\/wp\/v2\/posts"}],"about":[{"href":"https:\/\/spanish.cpnn-world.org\/index.php?rest_route=\/wp\/v2\/types\/post"}],"author":[{"embeddable":true,"href":"https:\/\/spanish.cpnn-world.org\/index.php?rest_route=\/wp\/v2\/users\/1"}],"replies":[{"embeddable":true,"href":"https:\/\/spanish.cpnn-world.org\/index.php?rest_route=%2Fwp%2Fv2%2Fcomments&post=12134"}],"version-history":[{"count":1,"href":"https:\/\/spanish.cpnn-world.org\/index.php?rest_route=\/wp\/v2\/posts\/12134\/revisions"}],"predecessor-version":[{"id":12136,"href":"https:\/\/spanish.cpnn-world.org\/index.php?rest_route=\/wp\/v2\/posts\/12134\/revisions\/12136"}],"wp:attachment":[{"href":"https:\/\/spanish.cpnn-world.org\/index.php?rest_route=%2Fwp%2Fv2%2Fmedia&parent=12134"}],"wp:term":[{"taxonomy":"category","embeddable":true,"href":"https:\/\/spanish.cpnn-world.org\/index.php?rest_route=%2Fwp%2Fv2%2Fcategories&post=12134"},{"taxonomy":"post_tag","embeddable":true,"href":"https:\/\/spanish.cpnn-world.org\/index.php?rest_route=%2Fwp%2Fv2%2Ftags&post=12134"}],"curies":[{"name":"wp","href":"https:\/\/api.w.org\/{rel}","templated":true}]}}