{"id":12121,"date":"2026-04-29T07:57:11","date_gmt":"2026-04-29T05:57:11","guid":{"rendered":"https:\/\/spanish.cpnn-world.org\/?p=12121"},"modified":"2026-04-29T08:16:12","modified_gmt":"2026-04-29T06:16:12","slug":"universidad-nacional-autonoma-de-mexico-intensificar-la-construccion-de-la-cultura-de-paz-sugieren-academicas-y-academicos","status":"publish","type":"post","link":"https:\/\/spanish.cpnn-world.org\/?p=12121","title":{"rendered":"Universidad Nacional Aut\u00f3noma de M\u00e9xico: Intensificar la construcci\u00f3n de la cultura de paz, sugieren acad\u00e9micas y acad\u00e9micos"},"content":{"rendered":"<div style=\"float: left; width: 46%;\">\n<p>EDUCACI\u00d3N PARA LA PAZ<\/p>\n<p>Un art\u00edculo de <a href=\"https:\/\/impulsoinformativo.net\/intensificar-la-construccion-de-la-cultura-de-paz-sugieren-academicas-y-academicos\/\">Impulso Informativo<\/a><\/p>\n<p>Reflexionar en torno a la paz exige una mirada que trascienda las fronteras geogr\u00e1ficas, simb\u00f3licas, ling\u00fc\u00edsticas y materiales que han sido, en m\u00faltiples ocasiones, espacios de exclusi\u00f3n y vulneraci\u00f3n de derechos humanos, consider\u00f3 la secretaria acad\u00e9mica de la Coordinaci\u00f3n de Humanidades de la UNAM, Fiorella Mancini.<\/p>\n<p><center><a href=\"https:\/\/spanish.cpnn-world.org\/wp-content\/uploads\/2026\/04\/academics.jpg\"><img loading=\"lazy\" decoding=\"async\" src=\"https:\/\/spanish.cpnn-world.org\/wp-content\/uploads\/2026\/04\/academics.jpg\" alt=\"\" width=\"900\" height=\"480\" class=\"alignnone size-full wp-image-12122\" srcset=\"https:\/\/spanish.cpnn-world.org\/wp-content\/uploads\/2026\/04\/academics.jpg 900w, https:\/\/spanish.cpnn-world.org\/wp-content\/uploads\/2026\/04\/academics-300x160.jpg 300w, https:\/\/spanish.cpnn-world.org\/wp-content\/uploads\/2026\/04\/academics-768x410.jpg 768w\" sizes=\"auto, (max-width: 900px) 100vw, 900px\" \/><\/a><\/center><\/p>\n<p>\u201cFrente a ello, la idea de transnacionalizaci\u00f3n nos interpela a replantear esos l\u00edmites para analizar posibilidades de fuerzas comunes\u201d, dijo al inaugurar el Seminario Internacional \u201cTransnacionalizaci\u00f3n de la Cultura de Paz en Am\u00e9rica del Norte\u201d.<\/p>\n<p>En la sala M\u00f3nica Verea del Centro de Investigaciones sobre Am\u00e9rica del Norte (CISAN) destac\u00f3 que este encuentro acad\u00e9mico impulsa el di\u00e1logo entre especialistas de contextos diversos, por ejemplo, de la Universidad de Notre Dame -que ha desarrollado modelos aplicados en m\u00e1s de 100 pa\u00edses para promocionar programas en este \u00e1mbito en instituciones de educaci\u00f3n superior-, as\u00ed como el an\u00e1lisis de principios universales y realidades locales.<\/p>\n<p>Propone una mirada diferente y complementaria a la actual realidad geopol\u00edtica de retroceso democr\u00e1tico y decadencia en el cumplimiento de prerrogativas que se pensaban conquistadas. Queremos observarla a partir de lo que es posible: las resoluciones, di\u00e1logo y desaf\u00edos de integrar las diferencias, puntualiz\u00f3 Fiorella Mancini.<\/p>\n<p>(El art\u00edculo contin\u00faa en la parte derecha de la p\u00e1gina)<\/p>\n<p>(Clickear <a href=\"http:\/\/english.cpnn-world.org\/?p=39458\">aqui para una versi\u00f3n en ingl\u00eas del art\u00edculo.<\/a>)<\/p>\n<\/div>\n<div style=\"float: right; width: 46%;\">Question for this article:<\/div>\n<div style=\"float: right; width: 46%;\"><\/div>\n<div style=\"float: right; width: 46%;\">\n<p align=\"justify\">\n<p><em><strong><a href=\"https:\/\/english.cpnn-world.org\/?p=18710\">University campus peace centers, What is happening on your campus?<\/a><\/strong><\/em><\/p>\n<p>(El art\u00edculo contin\u00faa de la parte izquierda de la p\u00e1gina)<\/p>\n<p><strong>Nueva dimensi\u00f3n<\/strong><\/p>\n<p>De acuerdo con el director del CISAN, Juan Carlos Barr\u00f3n Pastor, esta entidad universitaria realiza un trabajo de vinculaci\u00f3n con las sedes de la UNAM en Estados Unidos (Chicago, San Antonio, Los \u00c1ngeles, Tucson, Boston y Seattle). Es el primer contacto para abordar todo tipo de violencias y conflictos que se viven en ambos lados de la frontera.<\/p>\n<p>Ello nos llev\u00f3 a la sensibilizaci\u00f3n para entender que las l\u00edneas de investigaci\u00f3n que desarrollamos adquieren nueva dimensi\u00f3n si las vemos a la luz de la construcci\u00f3n de una cultura de paz, ya que esta es una manera de revertir las crecientes violencias que hay en M\u00e9xico.<\/p>\n<p>A decir de la titular del Programa Universitario sobre Cultura de Paz y Erradicaci\u00f3n de las Violencias (PUCPAZ), Leticia Cano Soriano, los esfuerzos universitarios en torno a lograr esta forma de vida tienen que ver con crear comunidad, entretejiendo acciones, saberes y compromisos, a fin de proponer alternativas para su conformaci\u00f3n.  (V\u00e9ase el art\u00edculo de <a href=\"https:\/\/spanish.cpnn-world.org\/?p=12086\">CPNN del 12 de abril<\/a>.)<\/p>\n<p>Para la directora del Centro de Estudios para Extranjeros de la Universidad Nacional, Anel P\u00e9rez Mart\u00ednez, en las herramientas ling\u00fc\u00edsticas es donde puede comenzar lo que llamamos discurso de odio, una de las f\u00f3rmulas m\u00e1s potentes de agredir. No podemos imaginar la cultura de paz sin el lenguaje incluyente que aporta al pensamiento cr\u00edtico, subray\u00f3.<\/p>\n<p>El profesor em\u00e9rito de la Universidad Notre Dame y fundador del Instituto Krok de Estudios Internacionales de Paz de esta instituci\u00f3n, George L\u00f3pez, aporta a dicha actividad acad\u00e9mica un modelo que consiste en intercambios de estudiantes estadounidenses con aquellos provenientes de zonas de guerra o conflicto.<\/p>\n<p>Detall\u00f3 que su enfoque es hacia la construcci\u00f3n de una paz estrat\u00e9gica donde existe formaci\u00f3n en mediaci\u00f3n, resoluci\u00f3n social y labor comunitaria.<\/p>\n<p>El Seminario fue organizado por la Coordinaci\u00f3n de Humanidades; CISAN; Instituto de Investigaciones Sociales; Facultad de Psicolog\u00eda; Escuela Nacional de Trabajo Social; Centro de Estudios Mexicanos de la UNAM en Chicago y la Universidad de Notre Dame (con sede en Indiana, Estados Unidos).<\/p>\n<p>&#8211;  &#8211;  &#8211;  &#8211;  &#8211;<\/p>\n<p>Si desea hacer un comentario sobre este art\u00edculo, puede escribir a coordinator@cpnn-world.org con el t\u00edtulo &#8220;Comentar sobre (nombre del art\u00edculo)&#8221; y publicaremos su comentario. Debido a la avalancha de spam, hemos detenido la aplicaci\u00f3n directa de comentarios.<\/p>\n<\/div>\n","protected":false},"excerpt":{"rendered":"<p>EDUCACI\u00d3N PARA LA PAZ Un art\u00edculo de Impulso Informativo Reflexionar en torno a la paz exige una mirada que trascienda las fronteras geogr\u00e1ficas, simb\u00f3licas, ling\u00fc\u00edsticas y materiales que han sido, en m\u00faltiples ocasiones, espacios de exclusi\u00f3n y vulneraci\u00f3n de derechos humanos, consider\u00f3 la secretaria acad\u00e9mica de la Coordinaci\u00f3n de Humanidades de la UNAM, Fiorella Mancini. &hellip; <a href=\"https:\/\/spanish.cpnn-world.org\/?p=12121\" class=\"more-link\">Continue reading <span class=\"screen-reader-text\">Universidad Nacional Aut\u00f3noma de M\u00e9xico: Intensificar la construcci\u00f3n de la cultura de paz, sugieren acad\u00e9micas y acad\u00e9micos<\/span> <span class=\"meta-nav\">&rarr;<\/span><\/a><\/p>\n","protected":false},"author":1,"featured_media":0,"comment_status":"closed","ping_status":"closed","sticky":false,"template":"","format":"standard","meta":{"footnotes":""},"categories":[21,18,25],"tags":[9,26],"class_list":["post-12121","post","type-post","status-publish","format-standard","hentry","category-america-latina","category-educacion-para-la-paz","category-norteamerica","tag-america-latina","tag-norteamerica"],"_links":{"self":[{"href":"https:\/\/spanish.cpnn-world.org\/index.php?rest_route=\/wp\/v2\/posts\/12121","targetHints":{"allow":["GET"]}}],"collection":[{"href":"https:\/\/spanish.cpnn-world.org\/index.php?rest_route=\/wp\/v2\/posts"}],"about":[{"href":"https:\/\/spanish.cpnn-world.org\/index.php?rest_route=\/wp\/v2\/types\/post"}],"author":[{"embeddable":true,"href":"https:\/\/spanish.cpnn-world.org\/index.php?rest_route=\/wp\/v2\/users\/1"}],"replies":[{"embeddable":true,"href":"https:\/\/spanish.cpnn-world.org\/index.php?rest_route=%2Fwp%2Fv2%2Fcomments&post=12121"}],"version-history":[{"count":5,"href":"https:\/\/spanish.cpnn-world.org\/index.php?rest_route=\/wp\/v2\/posts\/12121\/revisions"}],"predecessor-version":[{"id":12127,"href":"https:\/\/spanish.cpnn-world.org\/index.php?rest_route=\/wp\/v2\/posts\/12121\/revisions\/12127"}],"wp:attachment":[{"href":"https:\/\/spanish.cpnn-world.org\/index.php?rest_route=%2Fwp%2Fv2%2Fmedia&parent=12121"}],"wp:term":[{"taxonomy":"category","embeddable":true,"href":"https:\/\/spanish.cpnn-world.org\/index.php?rest_route=%2Fwp%2Fv2%2Fcategories&post=12121"},{"taxonomy":"post_tag","embeddable":true,"href":"https:\/\/spanish.cpnn-world.org\/index.php?rest_route=%2Fwp%2Fv2%2Ftags&post=12121"}],"curies":[{"name":"wp","href":"https:\/\/api.w.org\/{rel}","templated":true}]}}