{"id":12099,"date":"2026-05-01T00:36:20","date_gmt":"2026-04-30T22:36:20","guid":{"rendered":"https:\/\/spanish.cpnn-world.org\/?p=12099"},"modified":"2026-05-01T06:59:00","modified_gmt":"2026-05-01T04:59:00","slug":"boletin-espanol-el-1-de-mayo-de-2026","status":"publish","type":"post","link":"https:\/\/spanish.cpnn-world.org\/?p=12099","title":{"rendered":"Bolet\u00edn espa\u00f1ol: el 1 de mayo de 2026"},"content":{"rendered":"<p><center><em><big> <b>. PAZ EN EL MEDITERR\u00c1NEO OCCIDENTAL . <\/b><\/big><\/em><\/center><\/p>\n<div style=\"float: left; width: 46%;\">\n<p align=\"justify\">\nMientras el Mediterr\u00e1neo Oriental (L\u00edbano, Palestina, Israel) se ve asolado por <a href=\"https:\/\/english.cpnn-world.org\/?p=39317\">la guerra iniciada por Netanyahu y Trump<\/a>, el Mediterr\u00e1neo Occidental (Espa\u00f1a, Marruecos, Argelia, Italia, etc.) ha impulsado iniciativas de paz para evitar verse arrastrado a otra guerra mundial.<\/p>\n<p align=\"justify\">\n<p align=\"justify\">\n<a href=\"https:\/\/www.theguardian.com\/world\/2026\/mar\/31\/italy-denies-sicily-airbase-us-planes-carrying-weapons-iran-war\">Italia <\/a> y <a href=\"https:\/\/www.bbc.com\/news\/articles\/cwy368j1e3lo\">Espa\u00f1a <\/a> han anunciado que Estados Unidos no utilizar\u00e1 su espacio a\u00e9reo para sus ataques en Oriente Medio.<\/p>\n<p align=\"justify\">\n<a href=\"https:\/\/english.cpnn-world.org\/?p=39379\">El presidente espa\u00f1ol, Pedro S\u00e1nchez<\/a>, organiz\u00f3 dos reuniones internacionales dedicadas a la paz y la justicia econ\u00f3mica. Entre los participantes se encontraban el presidente brasile\u00f1o, Luiz In\u00e1cio Lula da Silva; el presidente sudafricano, Cyril Ramaphosa; el presidente colombiano, Gustavo Petro; y destacados funcionarios electos progresistas estadounidenses. \u00abQueremos redoblar nuestros esfuerzos para trabajar por la paz y un orden multilateral fortalecido. Mientras otros abren nuevas heridas, nosotros queremos curarlas\u00bb, declar\u00f3 S\u00e1nchez. El presidente colombiano, Gustavo Petro, afirm\u00f3 que \u00abal oponerse firmemente a la guerra librada por Estados Unidos e Israel contra Ir\u00e1n, me parece que la posici\u00f3n de Espa\u00f1a est\u00e1 a la vanguardia en Europa\u00bb. <\/p>\n<p align=\"justify\">\nItalia y Argelia se unieron en paz gracias a la misi\u00f3n del Papa Le\u00f3n XIII a Argel. <a href=\"https:\/\/english.cpnn-world.org\/?p=39366\">El presidente del Alto Consejo Isl\u00e1mico <\/a> destac\u00f3 \u00abla importante dimensi\u00f3n diplom\u00e1tica, que busca establecer la armon\u00eda entre dos estados de gran peso religioso e hist\u00f3rico, convirtiendo a Argelia en un faro de paz mundial\u00bb. Posteriormente, el Papa viaj\u00f3 a Angola, Camer\u00fan y Guinea Ecuatorial, donde <a href=\"https:\/\/www.dw.com\/en\/pope-leo-stresses-importance-of-dialogue-on-africa-trip\/a-76906045\">continu\u00f3 abogando por la paz y el di\u00e1logo<\/a>. Pidi\u00f3 expl\u00edcitamente &#8220;<a href=\"https:\/\/english.cpnn-world.org\/?p=39424\">una nueva cultura de paz<\/a>&#8220;.  En cuanto a Italia, parece que las cr\u00edticas del Papa tambi\u00e9n han avivado l<a href=\"https:\/\/www.dw.com\/en\/italys-meloni-breaks-with-trump-over-war-in-iran-pope\/a-76827787\">a oposici\u00f3n del pa\u00eds al militarismo de Trump<\/a>.<\/p>\n<p align=\"justify\">\n<a href=\"https:\/\/english.cpnn-world.org\/?p=39329\">Argelia <\/a> fue sede de un Foro \u00c1rabe sobre Juventud, Paz y Seguridad. La Representante Residente del PNUD en Argelia, Natasha Van Rijn, enfatiz\u00f3 el papel esencial de los j\u00f3venes en la consolidaci\u00f3n de la paz. Por su parte, el Ministro de Juventud y Deportes de Yemen subray\u00f3 el papel crucial de los j\u00f3venes en la difusi\u00f3n de una cultura de paz y la construcci\u00f3n de un futuro m\u00e1s estable.<\/p>\n<\/div>\n<div style=\"float: right; width: 46%;\">\n<p align=\"justify\">\n<a href=\"https:\/\/english.cpnn-world.org\/?p=39336\">En Marruecos<\/a>, se lanz\u00f3 el premio \u00abNawal Ouzitane \u2013 Voz de la Juventud por la Paz\u00bb durante un encuentro internacional dedicado a la paz y la tolerancia. Este premio nacional tiene como objetivo promover la expresi\u00f3n creativa de los j\u00f3venes en diversos \u00e1mbitos, reflejando su conciencia de los valores de la paz y su responsabilidad de fortalecerlos, con especial \u00e9nfasis en sensibilizar a las nuevas generaciones sobre la importancia del di\u00e1logo, la apertura y la diversidad cultural.<\/p>\n<p align=\"justify\">\nBarcelona es un centro para las iniciativas de paz. Adem\u00e1s de las reuniones organizadas por el presidente espa\u00f1ol mencionadas anteriormente, Barcelona es la base de la movilizaci\u00f3n de <a href=\"https:\/\/english.cpnn-world.org\/?p=39362\">la flotilla Sumud<\/a>, que se dirige a Gaza en un intento por romper el bloqueo israel\u00ed. La flotilla est\u00e1 compuesta por 70 barcos, muchos de ellos procedentes de otros puertos del Mediterr\u00e1neo. Transporta suministros m\u00e9dicos, alimentos y material de reconstrucci\u00f3n, y tambi\u00e9n embarca a m\u00e9dicos, ingenieros, abogados y activistas dispuestos a establecer una presencia protectora desarmada si se les concede el permiso. Entre los participantes se encuentran parlamentarios, periodistas y representantes de la sociedad civil de todos los continentes.<\/p>\n<p align=\"justify\">\nEl Ayuntamiento de Barcelona, \u200b\u200ben colaboraci\u00f3n con la Fundaci\u00f3n Pablo Casals, ha anunciado la creaci\u00f3n de un nuevo premio de la paz: <a href=\"http:\/\/spanish.cpnn-world.org\/?p=12090\"> el Premio Internacional de la Paz de Barcelona<\/a>. Este premio reconoce el logro, la acci\u00f3n o el proyecto de una persona, organizaci\u00f3n o instituci\u00f3n a nivel internacional que haya realizado una contribuci\u00f3n relevante, transformadora y verificable a la promoci\u00f3n de la paz, la convivencia, los derechos humanos y la resoluci\u00f3n pac\u00edfica de conflictos. Este premio bienal, dotado con 300.000 \u20ac, tiene como objetivo reforzar el impacto medi\u00e1tico y el car\u00e1cter transformador del proyecto u organizaci\u00f3n ganadora.<\/p>\n<p align=\"justify\">\nEl resto de Europa se encuentra rezagado con respecto a Espa\u00f1a e Italia en su postura sobre las guerras de Trump y Netanyahu, pero es de esperar que tambi\u00e9n se sumen a la oposici\u00f3n en el futuro.<\/p>\n<\/div>\n<table width=\"93%\">\n<tr>\n<td width=\"25%\">\n<p>DERECHOS HUMANOS<br \/>\n<a href=\"http:\/\/english.cpnn-world.org\/?p=39362\"><img loading=\"lazy\" decoding=\"async\" src=\"https:\/\/spanish.cpnn-world.org\/wp-content\/uploads\/2026\/04\/sumud-flotilla.jpg\" alt=\"\" width=\"900\" height=\"598\" class=\"alignnone size-full wp-image-12100\" srcset=\"https:\/\/spanish.cpnn-world.org\/wp-content\/uploads\/2026\/04\/sumud-flotilla.jpg 900w, https:\/\/spanish.cpnn-world.org\/wp-content\/uploads\/2026\/04\/sumud-flotilla-300x199.jpg 300w, https:\/\/spanish.cpnn-world.org\/wp-content\/uploads\/2026\/04\/sumud-flotilla-768x510.jpg 768w\" sizes=\"auto, (max-width: 900px) 100vw, 900px\" \/><br \/>\n<br \/>\n70+ Boats Launch Historic Global Sumud Flotilla to Gaza in Bold Solidarity Stand<br \/>\n<\/a><\/p>\n<\/td>\n<td width=\"25%\">\n<p>DESAROLLO SUSTENTABLE<br \/>\n<a href=\"http:\/\/spanish.cpnn-world.org\/?p=12134\"><img loading=\"lazy\" decoding=\"async\" src=\"https:\/\/english.cpnn-world.org\/wp-content\/uploads\/2026\/04\/climate.jpg\" alt=\"\" width=\"900\" height=\"442\" class=\"alignnone size-full wp-image-39475\" \/><br \/>\n<br \/>\nColombia: Conferencia para la Transici\u00f3n m\u00e1s all\u00e1 de los Combustibles F\u00f3siles concluye con cinco resultados clave<\/p>\n<p><\/a><\/p>\n<\/td>\n<td width=\"25%\">\n<p>PARTICIPACI\u00d3N DEMOCRATICA<br \/>\n<a href=\"http:\/\/spanish.cpnn-world.org\/?p=12090\"><img loading=\"lazy\" decoding=\"async\" src=\"https:\/\/spanish.cpnn-world.org\/wp-content\/uploads\/2026\/04\/Barcelona-1.jpg\" alt=\"\" width=\"900\" height=\"563\" class=\"alignnone size-full wp-image-12102\" srcset=\"https:\/\/spanish.cpnn-world.org\/wp-content\/uploads\/2026\/04\/Barcelona-1.jpg 900w, https:\/\/spanish.cpnn-world.org\/wp-content\/uploads\/2026\/04\/Barcelona-1-300x188.jpg 300w, https:\/\/spanish.cpnn-world.org\/wp-content\/uploads\/2026\/04\/Barcelona-1-768x480.jpg 768w\" sizes=\"auto, (max-width: 900px) 100vw, 900px\" \/><br \/>\n<br \/>\nNace el Premio Internacional Barcelona por la Paz<br \/>\n<\/a><\/p>\n<\/td>\n<td width=\"25%\">\n<p>IGUALDAD HOMBRES\/MUJERES<br \/>\n<a href=\"http:\/\/english.cpnn-world.org\/?p=39389\"><img loading=\"lazy\" decoding=\"async\" src=\"https:\/\/spanish.cpnn-world.org\/wp-content\/uploads\/2026\/04\/peacenow-1.jpg\" alt=\"\" width=\"900\" height=\"508\" class=\"alignnone size-full wp-image-12103\" srcset=\"https:\/\/spanish.cpnn-world.org\/wp-content\/uploads\/2026\/04\/peacenow-1.jpg 900w, https:\/\/spanish.cpnn-world.org\/wp-content\/uploads\/2026\/04\/peacenow-1-300x169.jpg 300w, https:\/\/spanish.cpnn-world.org\/wp-content\/uploads\/2026\/04\/peacenow-1-768x433.jpg 768w\" sizes=\"auto, (max-width: 900px) 100vw, 900px\" \/><br \/>\n<br \/>\nLifetime premieres Peace Peace Now Now, a documentary series about women\u2019s resistance in Latin America<\/p>\n<p><\/a><\/p>\n<\/td>\n<\/tr>\n<\/table>\n<table width=\"93%\">\n<tr>&nbsp;<\/tr>\n<tr>&nbsp;<\/tr>\n<tr>\n<td width=\"25%\">\n<p>TOLERANCIA Y SOLIDARIDAD<br \/>\n<a href=\"http:\/\/english.cpnn-world.org\/?p=39336\"><img loading=\"lazy\" decoding=\"async\" src=\"https:\/\/spanish.cpnn-world.org\/wp-content\/uploads\/2026\/04\/Essaouira.jpg\" alt=\"\" width=\"900\" height=\"541\" class=\"alignnone size-full wp-image-12104\" srcset=\"https:\/\/spanish.cpnn-world.org\/wp-content\/uploads\/2026\/04\/Essaouira.jpg 900w, https:\/\/spanish.cpnn-world.org\/wp-content\/uploads\/2026\/04\/Essaouira-300x180.jpg 300w, https:\/\/spanish.cpnn-world.org\/wp-content\/uploads\/2026\/04\/Essaouira-768x462.jpg 768w\" sizes=\"auto, (max-width: 900px) 100vw, 900px\" \/><br \/>\n<br \/>\nEssaouira, Morocco: Launch of the Prize for \u201cYouth Voices for Peace\u201d<br \/>\n<\/a>\n<\/td>\n<td width=\"25%\">\n<p>EDUCACI\u00d3N PARA PAZ<br \/>\n<a href=\"http:\/\/spanish.cpnn-world.org\/?p=12086\"><img loading=\"lazy\" decoding=\"async\" src=\"https:\/\/spanish.cpnn-world.org\/wp-content\/uploads\/2026\/04\/UNAM-1.jpg\" alt=\"\" width=\"900\" height=\"516\" class=\"alignnone size-full wp-image-12105\" srcset=\"https:\/\/spanish.cpnn-world.org\/wp-content\/uploads\/2026\/04\/UNAM-1.jpg 900w, https:\/\/spanish.cpnn-world.org\/wp-content\/uploads\/2026\/04\/UNAM-1-300x172.jpg 300w, https:\/\/spanish.cpnn-world.org\/wp-content\/uploads\/2026\/04\/UNAM-1-768x440.jpg 768w\" sizes=\"auto, (max-width: 900px) 100vw, 900px\" \/><br \/>\n<br \/>\nUNAM: Encuentros y Tejidos por la Paz. \u00bfPor qu\u00e9 hablar de cultura de paz?<br \/>\n<\/a><\/p>\n<\/td>\n<td width=\"25%\">\n<p>LIBERTAD DE INFORMACI\u00d3N<br \/>\n<a href=\"http:\/\/english.cpnn-world.org?p=39379\"><img loading=\"lazy\" decoding=\"async\" src=\"https:\/\/spanish.cpnn-world.org\/wp-content\/uploads\/2026\/04\/Lula-Sanchez.jpg\" alt=\"\" width=\"900\" height=\"508\" class=\"alignnone size-full wp-image-12106\" srcset=\"https:\/\/spanish.cpnn-world.org\/wp-content\/uploads\/2026\/04\/Lula-Sanchez.jpg 900w, https:\/\/spanish.cpnn-world.org\/wp-content\/uploads\/2026\/04\/Lula-Sanchez-300x169.jpg 300w, https:\/\/spanish.cpnn-world.org\/wp-content\/uploads\/2026\/04\/Lula-Sanchez-768x433.jpg 768w\" sizes=\"auto, (max-width: 900px) 100vw, 900px\" \/><br \/>\n<br \/>\nS\u00e1nchez, Lula Lead \u2018Work for Peace\u2019 and Equality at Gathering of Global Progressive Leaders in Spain<br \/>\n<\/a><\/p>\n<\/td>\n<td width=\"25%\">\n<p>DESARME Y SEGURIDAD<br \/>\n<a href=\"https:\/\/english.cpnn-world.org\/?p=39317\"><img loading=\"lazy\" decoding=\"async\" src=\"https:\/\/spanish.cpnn-world.org\/wp-content\/uploads\/2026\/04\/letter.png\" alt=\"\" width=\"900\" height=\"700\" class=\"alignnone size-full wp-image-12107\" srcset=\"https:\/\/spanish.cpnn-world.org\/wp-content\/uploads\/2026\/04\/letter.png 900w, https:\/\/spanish.cpnn-world.org\/wp-content\/uploads\/2026\/04\/letter-300x233.png 300w, https:\/\/spanish.cpnn-world.org\/wp-content\/uploads\/2026\/04\/letter-768x597.png 768w\" sizes=\"auto, (max-width: 900px) 100vw, 900px\" \/><br \/>\n<br \/>\nOver 100 International Law Experts Warn: U.S. Strikes on Iran Violate UN Charter and May Be War Crimes<br \/>\n<\/a><\/p>\n<\/td>\n<\/tr>\n<\/table>\n","protected":false},"excerpt":{"rendered":"<p>. PAZ EN EL MEDITERR\u00c1NEO OCCIDENTAL . Mientras el Mediterr\u00e1neo Oriental (L\u00edbano, Palestina, Israel) se ve asolado por la guerra iniciada por Netanyahu y Trump, el Mediterr\u00e1neo Occidental (Espa\u00f1a, Marruecos, Argelia, Italia, etc.) ha impulsado iniciativas de paz para evitar verse arrastrado a otra guerra mundial. Italia y Espa\u00f1a han anunciado que Estados Unidos no &hellip; <a href=\"https:\/\/spanish.cpnn-world.org\/?p=12099\" class=\"more-link\">Continue reading <span class=\"screen-reader-text\">Bolet\u00edn espa\u00f1ol: el 1 de mayo de 2026<\/span> <span class=\"meta-nav\">&rarr;<\/span><\/a><\/p>\n","protected":false},"author":1,"featured_media":0,"comment_status":"closed","ping_status":"closed","sticky":false,"template":"","format":"standard","meta":{"footnotes":""},"categories":[22],"tags":[23],"class_list":["post-12099","post","type-post","status-publish","format-standard","hentry","category-boletino","tag-boletino"],"_links":{"self":[{"href":"https:\/\/spanish.cpnn-world.org\/index.php?rest_route=\/wp\/v2\/posts\/12099","targetHints":{"allow":["GET"]}}],"collection":[{"href":"https:\/\/spanish.cpnn-world.org\/index.php?rest_route=\/wp\/v2\/posts"}],"about":[{"href":"https:\/\/spanish.cpnn-world.org\/index.php?rest_route=\/wp\/v2\/types\/post"}],"author":[{"embeddable":true,"href":"https:\/\/spanish.cpnn-world.org\/index.php?rest_route=\/wp\/v2\/users\/1"}],"replies":[{"embeddable":true,"href":"https:\/\/spanish.cpnn-world.org\/index.php?rest_route=%2Fwp%2Fv2%2Fcomments&post=12099"}],"version-history":[{"count":7,"href":"https:\/\/spanish.cpnn-world.org\/index.php?rest_route=\/wp\/v2\/posts\/12099\/revisions"}],"predecessor-version":[{"id":12140,"href":"https:\/\/spanish.cpnn-world.org\/index.php?rest_route=\/wp\/v2\/posts\/12099\/revisions\/12140"}],"wp:attachment":[{"href":"https:\/\/spanish.cpnn-world.org\/index.php?rest_route=%2Fwp%2Fv2%2Fmedia&parent=12099"}],"wp:term":[{"taxonomy":"category","embeddable":true,"href":"https:\/\/spanish.cpnn-world.org\/index.php?rest_route=%2Fwp%2Fv2%2Fcategories&post=12099"},{"taxonomy":"post_tag","embeddable":true,"href":"https:\/\/spanish.cpnn-world.org\/index.php?rest_route=%2Fwp%2Fv2%2Ftags&post=12099"}],"curies":[{"name":"wp","href":"https:\/\/api.w.org\/{rel}","templated":true}]}}