{"id":12041,"date":"2026-03-12T21:43:29","date_gmt":"2026-03-12T20:43:29","guid":{"rendered":"https:\/\/spanish.cpnn-world.org\/?p=12041"},"modified":"2026-03-13T07:32:41","modified_gmt":"2026-03-13T06:32:41","slug":"dia-de-la-mujer-america-latina","status":"publish","type":"post","link":"https:\/\/spanish.cpnn-world.org\/?p=12041","title":{"rendered":"D\u00eda de la Mujer: Am\u00e9rica Latina"},"content":{"rendered":"<div style=\"float: left; width: 46%;\">\n<p>. IGUALDAD HOMBRES\/MUJERES . .<\/p>\n<p>Encuesta de prensa de CPNN<\/p>\n<p>A continuaci\u00f3n, se presentan los resultados de Am\u00e9rica Latina.<center>ARGENTINA<\/p>\n<p><a href=\"https:\/\/www.laizquierdadiario.com\/En-vivo-Masiva-movilizacion-por-el-Dia-Internacional-de-las-Mujeres-en-la-Ciudad-de-Buenos-Aires\"><img loading=\"lazy\" decoding=\"async\" src=\"https:\/\/english.cpnn-world.org\/wp-content\/uploads\/2026\/03\/ARGENTINA.jpg\" alt=\"\" width=\"900\" height=\"515\" class=\"alignnone size-full wp-image-39176\" \/><br \/>\nEn Buenos Aires, miles marcharon desde el Congreso hacia Plaza de Mayo. Los manifestantes, la mayor\u00eda mujeres, llevaban pa\u00f1uelos verdes y violetas que simbolizan las luchas feministas, as\u00ed como banderas del orgullo gay, tambores y carteles pidiendo justicia por v\u00edctimas de femicidios o con lemas como &#8220;Ni una menos&#8221; o &#8220;\u00bfPor qu\u00e9 odian m\u00e1s a las feministas que a un violador?&#8221;. &#8220;Es paro y movilizaci\u00f3n contra las pol\u00edticas de ajuste del gobierno de Javier Milei, a pocos d\u00edas de que se haya sancionado la reforma laboral que va a impactar en las mujeres y disidencias&#8221;, dijo a la AFP la militante feminista Luci Cavallero, refiri\u00e9ndose a la medida aprobada hace dos semanas por el Congreso y considerada &#8220;esclavista&#8221; por sus detractores.<br \/>\n<\/a><\/center><\/p>\n<p><center>BOLIVIA<\/p>\n<p><a href=\"https:\/\/apnews.com\/photo-gallery\/women-day-protests-photos-b435fc28fbc51634a0b20a67b0959329\"><img loading=\"lazy\" decoding=\"async\" src=\"https:\/\/english.cpnn-world.org\/wp-content\/uploads\/2026\/03\/La-Paz-Bolivia.jpg\" alt=\"\" width=\"900\" height=\"598\" class=\"alignnone size-full wp-image-39088\" \/><br \/>\nMujeres muestran fotograf\u00edas de personas a las que acusan de ser victimarias de mujeres durante una marcha en el D\u00eda Internacional de la Mujer, en La Paz, Bolivia, el viernes 6 de marzo de 2026.(AP Photo\/Juan Karita)<br \/>\n<\/a><br \/>\n<\/center><\/p>\n<p><center>BRAZIL<\/p>\n<p><a href=\"https:\/\/apnews.com\/photo-gallery\/women-day-protests-photos-b435fc28fbc51634a0b20a67b0959329\"><img loading=\"lazy\" decoding=\"async\" src=\"https:\/\/english.cpnn-world.org\/wp-content\/uploads\/2026\/03\/Copacabana-Brazil.jpg\" alt=\"\" width=\"900\" height=\"602\" class=\"alignnone size-full wp-image-39087\" \/><br \/>\nMujeres marchan en el D\u00eda Internacional de la Mujer en la playa de Copacabana, en R\u00edo de Janeiro, el domingo 8 de marzo de 2026. (AP Photo\/Silvia Izquierdo)<\/p>\n<p><\/a><\/center><\/p>\n<p><center>CHILE<\/p>\n<p><a href=\"https:\/\/efe.com\/mundo\/2026-03-08\/marcha-8m-chile\/\"><img loading=\"lazy\" decoding=\"async\" src=\"https:\/\/english.cpnn-world.org\/wp-content\/uploads\/2026\/03\/Santiago-Chile.jpg\" alt=\"\" width=\"900\" height=\"596\" class=\"alignnone size-full wp-image-39086\" \/><br \/>\nMujeres participan en la marcha por la conmemoraci\u00f3n del D\u00eda Internacional de la Mujer (8M) este domingo, en Santiago (Chile). Al grito de \u00abNi un paso atr\u00e1s\u00bb, miles de chilenas salieron para conmemorar un nuevo 8M, a tres d\u00edas de que la extrema derecha llegue por primera vez al poder en Chile, y alertaron de los riegos que suponen para los derechos de las mujeres las convicciones ultracat\u00f3licas del futuro mandatario, Jos\u00e9 Antonio Kast. EFE\/ Adriana Thomasa<\/a><\/center><\/p>\n<p><center>COLOMBIA<\/p>\n<p><a href=\"https:\/\/efe.com\/mundo\/2025-03-09\/marcha-feminista-8m-bogota\/\"><img loading=\"lazy\" decoding=\"async\" src=\"https:\/\/english.cpnn-world.org\/wp-content\/uploads\/2026\/03\/COLOMBIA.jpg\" alt=\"\" width=\"900\" height=\"610\" class=\"alignnone size-full wp-image-39178\" \/><br \/>\n Frente al mural de \u2018Las cuchas tienen raz\u00f3n\u2019, un s\u00edmbolo de la lucha de madres de v\u00edctimas de desaparici\u00f3n forzada, cientos de mujeres se encontraron este s\u00e1bado en las calles de Bogot\u00e1 para levantar su voz en colectivo, exigir sus derechos, hablar de resistencia y pintar de morado y verde la ciudad durante la manifestaci\u00f3n feminista del 8M. Entre las pancartas con frases como \u00ables molesta m\u00e1s limpiar pintura que nuestra sangre\u00bb, \u00abnuestro grito viene de un coraz\u00f3n cansado de vivir con dolor y miedo\u00bb y \u00abnos sembraron miedo, nos crecieron alas\u00bb, fue reservado un lugar para las v\u00edctimas de feminicidios de 2025, que \u00abson m\u00e1s de 50 y no estamos siquiera en la mitad del a\u00f1o\u00bb. Photo: EFE\/Vannessa Jim\u00e9nez.<br \/>\n<\/a><\/center><\/p>\n<p><center>ECUADOR<\/p>\n<p><a href=\"https:\/\/www.eldiario.ec\/ecuador\/marchas-por-el-dia-internacional-de-la-mujer-convocan-a-cientos-de-participantes-en-quito-guayaquil-y-cuenca-08032026\/\"><img loading=\"lazy\" decoding=\"async\" src=\"https:\/\/english.cpnn-world.org\/wp-content\/uploads\/2026\/03\/ECUADOR-1.jpg\" alt=\"\" width=\"900\" height=\"600\" class=\"alignnone size-full wp-image-39180\" \/><br \/>\nEn la capital ecuatoriana, cientos de mujeres recorrieron las calles del Centro Hist\u00f3rico de Quito durante la ma\u00f1ana del 8 de marzo para conmemorar la fecha. Las participantes con carteles y pancartas que denunciaban agresiones y violencia machista, as\u00ed como mensajes que ped\u00edan respeto a los derechos de las mujeres y mayor libertad. Durante la movilizaci\u00f3n se observaron consignas relacionadas con igualdad salarial, acceso a derechos y rechazo a la violencia de g\u00e9nero.  PHOTO: API<br \/>\n<\/a><\/center><\/p>\n<p>(Clickear <a href=\"http:\/\/english.cpnn-world.org\/?p=39079\">aqui para una versi\u00f3n en ingl\u00eas del art\u00edculo.<\/a>)<\/p>\n<\/div>\n<div style=\"float: right; width: 46%;\">\n<strong><em>Question related to this article:<\/em><\/strong><\/div>\n<div style=\"float: right; width: 46%;\">\n&nbsp;<br \/>\n<em><strong><a href=\"https:\/\/english.cpnn-world.org\/?p=39137\">International Women&#8217;s Day<\/a><\/strong><\/em><\/p>\n<p><center>GUATEMALA<\/p>\n<p><a href=\"https:\/\/apnews.com\/photo-gallery\/women-day-protests-photos-b435fc28fbc51634a0b20a67b0959329\"><img loading=\"lazy\" decoding=\"async\" src=\"https:\/\/english.cpnn-world.org\/wp-content\/uploads\/2026\/03\/Guatemala-City.jpg\" alt=\"\" width=\"900\" height=\"591\" class=\"alignnone size-full wp-image-39091\" \/>La gente se manifiesta en el D\u00eda Internacional de la Mujer en la Ciudad de Guatemala, el domingo 8 de marzo de 2026. (AP Photo\/Moises Castillo)<br \/>\n<\/a> <\/center><\/p>\n<p><center>MEXICO<\/p>\n<p><a href=\"https:\/\/apnews.com\/photo-gallery\/women-day-protests-photos-b435fc28fbc51634a0b20a67b0959329\"><img loading=\"lazy\" decoding=\"async\" src=\"https:\/\/english.cpnn-world.org\/wp-content\/uploads\/2026\/03\/Zocalo-Mexico.jpg\" alt=\"\" width=\"900\" height=\"607\" class=\"alignnone size-full wp-image-39092\" \/><br \/>\nLa manifestaci\u00f3n conmemorativa del D\u00eda Internacional de la Mujer, en el Z\u00f3calo de la Ciudad de M\u00e9xico, el domingo 8 de marzo de 2026. (AP Photo\/Ginnette Riquelme)<\/p>\n<p><\/a><a href=\"https:\/\/www.youtube.com\/watch?v=f7A79W8Knnc\">Mujeres ind\u00edgenas se organizan para encabezar la manifestaci\u00f3n, seguidas de contingentes con ni\u00f1os y ni\u00f1as, mujeres con discapacidad, y jovenes estudiantes que piden un alto a la violencia feminicida que cada dia cobra la vida de ochos mujeres en M\u00e9xico. (YouTube video)<\/a><br \/>\n <\/center><\/p>\n<p><center>PARAGUAY<\/p>\n<p><a href=\"https:\/\/apnews.com\/photo-gallery\/women-day-protests-photos-b435fc28fbc51634a0b20a67b0959329\"><img loading=\"lazy\" decoding=\"async\" src=\"https:\/\/english.cpnn-world.org\/wp-content\/uploads\/2026\/03\/Asuncion-Paraguay.jpg\" alt=\"\" width=\"900\" height=\"592\" class=\"alignnone size-full wp-image-39093\" \/><br \/>\nLa gente sostiene una pancarta que dice: \u201cSi el mundo fuera feminista no existir\u00edan estas guerras\u201d durante una marcha que conmemora el D\u00eda Internacional de la Mujer en Asunci\u00f3n, Paraguay, el domingo 8 de marzo de 2026. (AP Photo\/Jorge Saenz)<br \/>\n<\/a> <\/center><\/p>\n<p><center>PERU<\/p>\n<p><a href=\"https:\/\/apnews.com\/photo-gallery\/women-day-protests-photos-b435fc28fbc51634a0b20a67b0959329\"><img loading=\"lazy\" decoding=\"async\" src=\"https:\/\/english.cpnn-world.org\/wp-content\/uploads\/2026\/03\/Lima-Peru-2.jpg\" alt=\"\" width=\"900\" height=\"602\" class=\"alignnone size-full wp-image-39096\" \/><br \/>\nLos manifestantes corean consignas mientras marchan conmemorando el D\u00eda Internacional de la Mujer en Lima, Per\u00fa, el s\u00e1bado 7 de marzo de 2026. (AP Photo\/Martin Mejia)<\/a><\/p>\n<p><a href=\"https:\/\/www.prensa-latina.cu\/2026\/03\/08\/dia-de-la-mujer-celebrado-entre-homenajes-y-carencias-en-peru-4\/\">El D\u00eda de la Mujer transcurri\u00f3 en Per\u00fa entre homenajes, flores y discursos en favor de los derechos femeninos, de un lado, y demandas de mayor respeto y de violencia contra el todav\u00eda llamado sexo d\u00e9bil. (Prensa Latina)<br \/>\n<\/a><\/center><\/p>\n<p><center>URUGUAY<\/p>\n<p><a href=\"https:\/\/efe.com\/mundo\/2025-03-09\/dia-mujer-uruguay-leyes-genero\/\"><img loading=\"lazy\" decoding=\"async\" src=\"https:\/\/english.cpnn-world.org\/wp-content\/uploads\/2026\/03\/Uruguay.jpg\" alt=\"\" width=\"900\" height=\"605\" class=\"alignnone size-full wp-image-39125\" \/><br \/>\n La necesidad de presupuesto para que la legislaci\u00f3n de avanzada del pa\u00eds \u00abtrascienda el papel\u00bb y se traduzca en pol\u00edticas efectivas para combatir la violencia y las inequidades de g\u00e9nero centra la proclama de la masiva marcha convocada en este D\u00eda Internacional de la Mujer en la capital de Uruguay.  Bajo la consigna \u2018Frente al avance fascista, \u00a1lucha feminista!\u2019 y encabezada por la Coordinadora de Feminismos Uruguay, la masiva marcha en la que cada 8 de marzo decenas de miles de mujeres hacen o\u00edr sus reclamos por una sociedad libre de machismo volvi\u00f3 a te\u00f1ir de violeta la principal avenida de Montevideo.<br \/>\n<\/a><\/center><\/p>\n<p><center>VENEZUELA<\/p>\n<p><a href=\"https:\/\/efe.com\/mundo\/2025-03-08\/8m-2025-dia-mujeres\/\"><img loading=\"lazy\" decoding=\"async\" src=\"https:\/\/english.cpnn-world.org\/wp-content\/uploads\/2026\/03\/VENEZUELA.jpg\" alt=\"\" width=\"900\" height=\"604\" class=\"alignnone size-full wp-image-39181\" \/><br \/>\nDecenas de venezolanas marcharon en Caracas para exigir mejores salarios, lugares de abrigo para proteger a quienes sufren violencia de g\u00e9nero, as\u00ed como la legalizaci\u00f3n del aborto \u00abseguro y gratuito\u00bb.  Las mujeres, integrantes de distintos movimientos feministas y sindicatos, se movilizaron desde la c\u00e9ntrica plaza Venezuela hasta la plaza Bri\u00f3n en Chaca\u00edto (este) con pancartas que hac\u00edan alusi\u00f3n a la exigencia de mejores salarios, as\u00ed como de la eliminaci\u00f3n de la \u00abviolencia gubernamental y patriarcal\u00bb.<br \/>\n<\/a><\/center><\/p>\n<p>&#8211;  &#8211;  &#8211;  &#8211;  &#8211;  &#8211;<\/p>\n<p>Si desea hacer un comentario sobre este art\u00edculo, puede escribir a coordinator@cpnn-world.org con el t\u00edtulo &#8220;Comentar sobre (nombre del art\u00edculo)&#8221; y publicaremos su comentario. Debido a la avalancha de spam, hemos detenido la aplicaci\u00f3n directa de comentarios.<\/p>\n<\/div>\n","protected":false},"excerpt":{"rendered":"<p>. IGUALDAD HOMBRES\/MUJERES . . Encuesta de prensa de CPNN A continuaci\u00f3n, se presentan los resultados de Am\u00e9rica Latina.ARGENTINA En Buenos Aires, miles marcharon desde el Congreso hacia Plaza de Mayo. Los manifestantes, la mayor\u00eda mujeres, llevaban pa\u00f1uelos verdes y violetas que simbolizan las luchas feministas, as\u00ed como banderas del orgullo gay, tambores y carteles &hellip; <a href=\"https:\/\/spanish.cpnn-world.org\/?p=12041\" class=\"more-link\">Continue reading <span class=\"screen-reader-text\">D\u00eda de la Mujer: Am\u00e9rica Latina<\/span> <span class=\"meta-nav\">&rarr;<\/span><\/a><\/p>\n","protected":false},"author":1,"featured_media":0,"comment_status":"closed","ping_status":"closed","sticky":false,"template":"","format":"standard","meta":{"footnotes":""},"categories":[21,14],"tags":[9],"class_list":["post-12041","post","type-post","status-publish","format-standard","hentry","category-america-latina","category-igualdad-hombresmujeres","tag-america-latina"],"_links":{"self":[{"href":"https:\/\/spanish.cpnn-world.org\/index.php?rest_route=\/wp\/v2\/posts\/12041","targetHints":{"allow":["GET"]}}],"collection":[{"href":"https:\/\/spanish.cpnn-world.org\/index.php?rest_route=\/wp\/v2\/posts"}],"about":[{"href":"https:\/\/spanish.cpnn-world.org\/index.php?rest_route=\/wp\/v2\/types\/post"}],"author":[{"embeddable":true,"href":"https:\/\/spanish.cpnn-world.org\/index.php?rest_route=\/wp\/v2\/users\/1"}],"replies":[{"embeddable":true,"href":"https:\/\/spanish.cpnn-world.org\/index.php?rest_route=%2Fwp%2Fv2%2Fcomments&post=12041"}],"version-history":[{"count":5,"href":"https:\/\/spanish.cpnn-world.org\/index.php?rest_route=\/wp\/v2\/posts\/12041\/revisions"}],"predecessor-version":[{"id":12046,"href":"https:\/\/spanish.cpnn-world.org\/index.php?rest_route=\/wp\/v2\/posts\/12041\/revisions\/12046"}],"wp:attachment":[{"href":"https:\/\/spanish.cpnn-world.org\/index.php?rest_route=%2Fwp%2Fv2%2Fmedia&parent=12041"}],"wp:term":[{"taxonomy":"category","embeddable":true,"href":"https:\/\/spanish.cpnn-world.org\/index.php?rest_route=%2Fwp%2Fv2%2Fcategories&post=12041"},{"taxonomy":"post_tag","embeddable":true,"href":"https:\/\/spanish.cpnn-world.org\/index.php?rest_route=%2Fwp%2Fv2%2Ftags&post=12041"}],"curies":[{"name":"wp","href":"https:\/\/api.w.org\/{rel}","templated":true}]}}